{"id":466,"date":"2024-10-01T14:08:13","date_gmt":"2024-10-01T19:08:13","guid":{"rendered":"https:\/\/quarta.co\/?post_type=blog&#038;p=466"},"modified":"2024-10-01T14:54:38","modified_gmt":"2024-10-01T19:54:38","slug":"no-te-pierdas-el-40-congreso-nacional-de-derecho-comercial-en-medellin","status":"publish","type":"blog","link":"https:\/\/quarta.co\/en\/blog\/no-te-pierdas-el-40-congreso-nacional-de-derecho-comercial-en-medellin\/","title":{"rendered":"\u00a1No te pierdas el 40\u00b0 Congreso Nacional de Derecho Comercial en Medell\u00edn!"},"content":{"rendered":"<figure class=\"wp-block-image size-full\"><img decoding=\"async\" width=\"1024\" height=\"1024\" src=\"https:\/\/quarta.co\/wp-content\/uploads\/2024\/10\/40.-Pieza-expectativa-FINAL-1-1024x1024-1.jpg\" alt=\"\" class=\"wp-image-474\" srcset=\"https:\/\/quarta.co\/wp-content\/uploads\/2024\/10\/40.-Pieza-expectativa-FINAL-1-1024x1024-1.jpg 1024w, https:\/\/quarta.co\/wp-content\/uploads\/2024\/10\/40.-Pieza-expectativa-FINAL-1-1024x1024-1-300x300.jpg 300w, https:\/\/quarta.co\/wp-content\/uploads\/2024\/10\/40.-Pieza-expectativa-FINAL-1-1024x1024-1-150x150.jpg 150w, https:\/\/quarta.co\/wp-content\/uploads\/2024\/10\/40.-Pieza-expectativa-FINAL-1-1024x1024-1-768x768.jpg 768w\" sizes=\"(max-width: 1024px) 100vw, 1024px\" \/><\/figure>\n\n\n\n<p>La Universidad Externado de Colombia invita al p\u00fablico interesado a participar en este evento acad\u00e9mico.<\/p>\n\n\n\n<p><strong>Este Congreso es organizado por los Departamentos de Derecho de los Negocios y Derecho Comercial de nuestra Casa de Estudios, en colaboraci\u00f3n con la C\u00e1mara de Comercio y el Colegio de Abogados de Medell\u00edn.<\/strong><\/p>\n\n\n\n<p>A trav\u00e9s de este congreso, tendr\u00e1n la oportunidad de explorar las \u00faltimas novedades y desaf\u00edos en materia de contrataci\u00f3n mercantil y arbitraje comercial.<\/p>\n\n\n\n<p><strong>Tarifas:<\/strong><\/p>\n\n\n\n<ul class=\"wp-block-list\">\n<li>Tarifa plena: $404.600 (IVA incluido).<\/li>\n\n\n\n<li>5% Descuento para empresas renovadas en la C\u00e1mara: $384.370 (IVA incluido).<\/li>\n\n\n\n<li>10% Descuento para Afiliados Primero: $364.140 (IVA incluido).<\/li>\n<\/ul>\n\n\n\n<p>Asistir a este evento es una oportunidad para que actualices y profundices tus conocimientos en torno al derecho comercial, desde el aspecto contractual, y la soluci\u00f3n de controversias a trav\u00e9s de los m\u00e9todos alternativos de soluci\u00f3n de conflictos. Cada tema tratado contar\u00e1 con una conferencia central seguida de un conversatorio, permitiendo un enfoque m\u00faltiple y complementario que enriquecer\u00e1 tu comprensi\u00f3n y manejo de los temas tratados.<\/p>\n\n\n\n<p><strong>Algunos temas a tratar:<\/strong><\/p>\n\n\n\n<ul class=\"wp-block-list\">\n<li>Contratos inteligentes e inteligencia artificial: desaf\u00edos jur\u00eddicos<\/li>\n\n\n\n<li>Estructuraci\u00f3n contractual y problem\u00e1ticas actuales en el sector de la infraestructura. <\/li>\n\n\n\n<li>Instrumentos contractuales para la prevenci\u00f3n y mitigaci\u00f3n de riesgos y conflictos societarios.<\/li>\n\n\n\n<li>An\u00e1lisis jur\u00eddico de la tecnolog\u00eda aplicada a la gesti\u00f3n empresarial.<\/li>\n\n\n\n<li>An\u00e1lisis jur\u00eddico de la tecnolog\u00eda aplicada a la gesti\u00f3n empresarial.<\/li>\n<\/ul>\n\n\n\n<p>Para m\u00e1s informaci\u00f3n e inscripciones, puedes contactar a Lorena Mazo a trav\u00e9s del correo electr\u00f3nico lorena.mazo@camaramedellin.com.co o llamar al (604) 5766145 opci\u00f3n 1 o al WhatsApp 3104695967.<\/p>\n\n\n\n<p><strong>\u00a1No pierdas la oportunidad de formar parte de este encuentro \u00fanico!<\/strong> Tu participaci\u00f3n en el Congreso no solo ampliar\u00e1 tu red profesional, sino que tambi\u00e9n te proporcionar\u00e1 herramientas pr\u00e1cticas y conocimientos actualizados que podr\u00e1s aplicar en tu carrera.<\/p>\n\n\n\n<p>M\u00e1s informaci\u00f3n en este link: <a href=\"https:\/\/www.uexternado.edu.co\/derecho\/no-te-pierdas-el-40-congreso-nacional-de-derecho-comercial-en-medellin\/\">https:\/\/www.uexternado.edu.co\/derecho\/no-te-pierdas-el-40-congreso-nacional-de-derecho-comercial-en-medellin\/<\/a><\/p>","protected":false},"excerpt":{"rendered":"<p>La Universidad Externado de Colombia invita al p\u00fablico interesado a participar en este evento acad\u00e9mico. Este Congreso es organizado por los Departamentos de Derecho de los Negocios y Derecho Comercial de nuestra Casa de Estudios, en colaboraci\u00f3n con la C\u00e1mara de Comercio y el Colegio de Abogados de Medell\u00edn. A trav\u00e9s de este congreso, tendr\u00e1n [&hellip;]<\/p>","protected":false},"featured_media":473,"template":"","tipo-articulo":[15],"class_list":["post-466","blog","type-blog","status-publish","has-post-thumbnail","hentry","tipo-articulo-events"],"post_mailing_queue_ids":[],"_links":{"self":[{"href":"https:\/\/quarta.co\/en\/wp-json\/wp\/v2\/blog\/466"}],"collection":[{"href":"https:\/\/quarta.co\/en\/wp-json\/wp\/v2\/blog"}],"about":[{"href":"https:\/\/quarta.co\/en\/wp-json\/wp\/v2\/types\/blog"}],"wp:featuredmedia":[{"embeddable":true,"href":"https:\/\/quarta.co\/en\/wp-json\/wp\/v2\/media\/473"}],"wp:attachment":[{"href":"https:\/\/quarta.co\/en\/wp-json\/wp\/v2\/media?parent=466"}],"wp:term":[{"taxonomy":"tipo-articulo","embeddable":true,"href":"https:\/\/quarta.co\/en\/wp-json\/wp\/v2\/tipo-articulo?post=466"}],"curies":[{"name":"wp","href":"https:\/\/api.w.org\/{rel}","templated":true}]}}